{"id":3705,"date":"2025-02-25T08:00:00","date_gmt":"2025-02-25T11:00:00","guid":{"rendered":"https:\/\/abbabrasil.org.br\/?p=3705"},"modified":"2025-02-27T14:26:13","modified_gmt":"2025-02-27T17:26:13","slug":"aconteceu-na-abba","status":"publish","type":"post","link":"https:\/\/abbabrasil.org.br\/en\/blog\/aconteceu-na-abba\/","title":{"rendered":"Aconteceu na ABBA"},"content":{"rendered":"<div class=\"wp-block-columns is-layout-flex wp-container-core-columns-is-layout-28f84493 wp-block-columns-is-layout-flex\">\n<div class=\"wp-block-column is-vertically-aligned-center is-layout-flow wp-block-column-is-layout-flow\" style=\"flex-basis:60%\">\n<p>Nosso educador Thiago, da Casa Elohim, teve a oportunidade de passar o fim do ano e in\u00edcio de 2025 com um casal de irm\u00e3os que s\u00e3o acolhidos na ABBA: uma garotinha de 7 anos e seu irm\u00e3ozinho de 4 anos. Veja o relato dele:&nbsp;<\/p>\n\n\n\n<p><em>\u201cEles vieram aqui para completar a alegria que j\u00e1 tem em nosso lar. Eles nos aben\u00e7oaram tanto, com a alegria deles! As crian\u00e7as vieram nos alegrar\u2026<\/em><\/p>\n\n\n\n<p><em>Notamos o quanto as crian\u00e7as s\u00e3o f\u00e1ceis para liberar perd\u00e3o, mesmo no contexto familiar, eles chamavam pelos seus pais biol\u00f3gicos, e a gente viu como \u00e9 forte e importante esse v\u00ednculo de pai e m\u00e3e, a gente v\u00ea a inoc\u00eancia da crian\u00e7a, a pureza, sabe.&nbsp;<\/em><\/p>\n\n\n\n<p><em>Pra gente, \u00e9 um privil\u00e9gio viver algo que o Senhor nos deixou, pra gente cuidar dos pequeninos, cuidar dos \u00f3rf\u00e3os, \u00e9 para poucos isso.<\/em><\/p>\n<\/div>\n\n\n\n<div class=\"wp-block-column is-layout-flow wp-block-column-is-layout-flow\" style=\"flex-basis:40%\">\n<figure class=\"wp-block-image size-full is-resized single-post__image\" style=\"margin-right:0px;margin-left:0px\"><img loading=\"lazy\" decoding=\"async\" width=\"397\" height=\"597\" src=\"https:\/\/abbabrasil.org.br\/wp-content\/uploads\/2025\/02\/homem-segurando-uma-crianca-no-colo-e-um-balao-verde.jpeg\" alt=\"\" class=\"wp-image-3729\" style=\"width:auto;height:400px\" srcset=\"https:\/\/abbabrasil.org.br\/wp-content\/uploads\/2025\/02\/homem-segurando-uma-crianca-no-colo-e-um-balao-verde.jpeg 397w, https:\/\/abbabrasil.org.br\/wp-content\/uploads\/2025\/02\/homem-segurando-uma-crianca-no-colo-e-um-balao-verde-199x300.jpeg 199w, https:\/\/abbabrasil.org.br\/wp-content\/uploads\/2025\/02\/homem-segurando-uma-crianca-no-colo-e-um-balao-verde-8x12.jpeg 8w\" sizes=\"auto, (max-width: 397px) 100vw, 397px\" \/><\/figure>\n<\/div>\n<\/div>\n\n\n\n<div style=\"height:30px\" aria-hidden=\"true\" class=\"wp-block-spacer\"><\/div>\n\n\n\n<div class=\"wp-block-columns is-layout-flex wp-container-core-columns-is-layout-28f84493 wp-block-columns-is-layout-flex\">\n<div class=\"wp-block-column is-vertically-aligned-center is-layout-flow wp-block-column-is-layout-flow\" style=\"flex-basis:100%\">\n<p><em>A gente se sente muito privilegiado e pudemos sentir o gostinho do que \u00e9 ser uma fam\u00edlia com 2 filhos, de colocar em pr\u00e1tica aquilo que a gente j\u00e1 planejou.&nbsp;<\/em><\/p>\n\n\n\n<p><em>Aquilo que a gente planeja antes de ter filhos, sabe? De se sentar \u00e0 mesa, comer com as crian\u00e7as, um dia eu contava uma hist\u00f3ria, outro dia a Thaty contava outra hist\u00f3ria pra eles, a gente orava com eles antes deles dormirem; a gente tamb\u00e9m ficou bem mais disciplinado em rela\u00e7\u00e3o \u00e0s coisas da casa, foi muito bom!<\/em><\/p>\n<\/div>\n<\/div>\n\n\n\n<div style=\"height:30px\" aria-hidden=\"true\" class=\"wp-block-spacer\"><\/div>\n\n\n\n<div class=\"wp-block-columns is-layout-flex wp-container-core-columns-is-layout-28f84493 wp-block-columns-is-layout-flex\">\n<div class=\"wp-block-column order-2 is-layout-flow wp-block-column-is-layout-flow\">\n<figure class=\"wp-block-image size-full is-resized single-post__image\" style=\"margin-right:0px;margin-left:0px\"><img loading=\"lazy\" decoding=\"async\" width=\"397\" height=\"597\" src=\"https:\/\/abbabrasil.org.br\/wp-content\/uploads\/2025\/02\/maos-entrelacadas.webp\" alt=\"\" class=\"wp-image-3730\" style=\"width:auto;height:520px\" srcset=\"https:\/\/abbabrasil.org.br\/wp-content\/uploads\/2025\/02\/maos-entrelacadas.webp 397w, https:\/\/abbabrasil.org.br\/wp-content\/uploads\/2025\/02\/maos-entrelacadas-199x300.webp 199w, https:\/\/abbabrasil.org.br\/wp-content\/uploads\/2025\/02\/maos-entrelacadas-8x12.webp 8w\" sizes=\"auto, (max-width: 397px) 100vw, 397px\" \/><\/figure>\n<\/div>\n\n\n\n<div class=\"wp-block-column is-layout-flow wp-block-column-is-layout-flow\">\n<p><em>A gente p\u00f4de ter um dia de meninos e um dia de meninas. A Thaty saiu com ela, foi na loja de roupa, de maquiagem, comeu coisinhas gostosas e depois eu pude sair com o G. foi muito legal. Nos passeios que fizemos juntos para visitar nossos familiares, eles puderam ver como \u00e9 uma intera\u00e7\u00e3o entre fam\u00edlia, gra\u00e7as a Deus, minha fam\u00edlia serve ao Senhor.<\/em> <em>&nbsp;<\/em><\/p>\n\n\n\n<p><em>Depois, voltando para o abrigo, a gente viu como foi importante esse tempo e eu pude notar o quanto eles estavam mais calmos, e isso me alegrou demais.<\/em><\/p>\n\n\n\n<p><em>Muitas vezes a gente quer ir l\u00e1 para aben\u00e7oar, mas \u00e9 muito mais ministrado e aben\u00e7oado pela vida deles do que a gente aben\u00e7oa eles.<\/em><\/p>\n\n\n\n<p>Sua esposa ainda completa que ter as crian\u00e7as em casa, despertou a maternidade dela e sentiu muito o desejo de ser m\u00e3e.&nbsp;<\/p>\n\n\n\n<p>Deus faz o solit\u00e1rio viver em fam\u00edlia!&nbsp;<em> <\/em><\/p>\n<\/div>\n<\/div>\n\n\n\n<p><\/p>\n\n\n\n<p><\/p>","protected":false},"excerpt":{"rendered":"<p>Nosso educador Thiago, da Casa Elohim, teve a oportunidade de passar o fim do ano e in\u00edcio de 2025 com [&hellip;]<\/p>\n","protected":false},"author":363,"featured_media":3773,"comment_status":"open","ping_status":"open","sticky":false,"template":"","format":"standard","meta":{"_acf_changed":false,"footnotes":""},"categories":[54],"tags":[],"class_list":["post-3705","post","type-post","status-publish","format-standard","has-post-thumbnail","hentry","category-aconteceu-na-abba"],"acf":[],"yoast_head":"<!-- This site is optimized with the Yoast SEO plugin v27.4 - https:\/\/yoast.com\/product\/yoast-seo-wordpress\/ -->\n<title>Aconteceu na ABBA | ABBA Brasil<\/title>\n<meta name=\"robots\" content=\"index, follow, max-snippet:-1, max-image-preview:large, max-video-preview:-1\" \/>\n<link rel=\"canonical\" href=\"https:\/\/abbabrasil.org.br\/en\/blog\/aconteceu-na-abba\/\" \/>\n<meta property=\"og:locale\" content=\"en_US\" \/>\n<meta property=\"og:type\" content=\"article\" \/>\n<meta property=\"og:title\" content=\"Aconteceu na ABBA | ABBA Brasil\" \/>\n<meta property=\"og:description\" content=\"Nosso educador Thiago, da Casa Elohim, teve a oportunidade de passar o fim do ano e in\u00edcio de 2025 com [&hellip;]\" \/>\n<meta property=\"og:url\" content=\"https:\/\/abbabrasil.org.br\/en\/blog\/aconteceu-na-abba\/\" \/>\n<meta property=\"og:site_name\" content=\"ABBA Brasil\" \/>\n<meta property=\"article:publisher\" content=\"https:\/\/www.facebook.com\/AssociacaoBrasileiraBeneficenteAslan\" \/>\n<meta property=\"article:published_time\" content=\"2025-02-25T11:00:00+00:00\" \/>\n<meta property=\"article:modified_time\" content=\"2025-02-27T17:26:13+00:00\" \/>\n<meta property=\"og:image\" content=\"https:\/\/abbabrasil.org.br\/wp-content\/uploads\/2025\/02\/uma-mulher-sorridente-segurando-um-bebe-nos-bracos-com-um-menino-ao-seu-lado.webp\" \/>\n\t<meta property=\"og:image:width\" content=\"1300\" \/>\n\t<meta property=\"og:image:height\" content=\"731\" \/>\n\t<meta property=\"og:image:type\" content=\"image\/webp\" \/>\n<meta name=\"author\" content=\"Mauric\u00e9lio Silva Ferreira\" \/>\n<meta name=\"twitter:card\" content=\"summary_large_image\" \/>\n<meta name=\"twitter:label1\" content=\"Written by\" \/>\n\t<meta name=\"twitter:data1\" content=\"Mauric\u00e9lio Silva Ferreira\" \/>\n\t<meta name=\"twitter:label2\" content=\"Est. reading time\" \/>\n\t<meta name=\"twitter:data2\" content=\"3 minutes\" \/>\n<script type=\"application\/ld+json\" class=\"yoast-schema-graph\">{\"@context\":\"https:\\\/\\\/schema.org\",\"@graph\":[{\"@type\":\"Article\",\"@id\":\"https:\\\/\\\/abbabrasil.org.br\\\/en\\\/blog\\\/aconteceu-na-abba\\\/#article\",\"isPartOf\":{\"@id\":\"https:\\\/\\\/abbabrasil.org.br\\\/en\\\/blog\\\/aconteceu-na-abba\\\/\"},\"author\":{\"name\":\"Mauric\u00e9lio Silva Ferreira\",\"@id\":\"https:\\\/\\\/abbabrasil.org.br\\\/en\\\/#\\\/schema\\\/person\\\/0a162664503f88cacae19dd4a332f5de\"},\"headline\":\"Aconteceu na ABBA\",\"datePublished\":\"2025-02-25T11:00:00+00:00\",\"dateModified\":\"2025-02-27T17:26:13+00:00\",\"mainEntityOfPage\":{\"@id\":\"https:\\\/\\\/abbabrasil.org.br\\\/en\\\/blog\\\/aconteceu-na-abba\\\/\"},\"wordCount\":408,\"commentCount\":0,\"publisher\":{\"@id\":\"https:\\\/\\\/abbabrasil.org.br\\\/en\\\/#organization\"},\"image\":{\"@id\":\"https:\\\/\\\/abbabrasil.org.br\\\/en\\\/blog\\\/aconteceu-na-abba\\\/#primaryimage\"},\"thumbnailUrl\":\"https:\\\/\\\/abbabrasil.org.br\\\/wp-content\\\/uploads\\\/2025\\\/02\\\/uma-mulher-sorridente-segurando-um-bebe-nos-bracos-com-um-menino-ao-seu-lado.webp\",\"articleSection\":[\"Aconteceu na ABBA\"],\"inLanguage\":\"en-US\",\"potentialAction\":[{\"@type\":\"CommentAction\",\"name\":\"Comment\",\"target\":[\"https:\\\/\\\/abbabrasil.org.br\\\/en\\\/blog\\\/aconteceu-na-abba\\\/#respond\"]}]},{\"@type\":\"WebPage\",\"@id\":\"https:\\\/\\\/abbabrasil.org.br\\\/en\\\/blog\\\/aconteceu-na-abba\\\/\",\"url\":\"https:\\\/\\\/abbabrasil.org.br\\\/en\\\/blog\\\/aconteceu-na-abba\\\/\",\"name\":\"Aconteceu na ABBA | ABBA Brasil\",\"isPartOf\":{\"@id\":\"https:\\\/\\\/abbabrasil.org.br\\\/en\\\/#website\"},\"primaryImageOfPage\":{\"@id\":\"https:\\\/\\\/abbabrasil.org.br\\\/en\\\/blog\\\/aconteceu-na-abba\\\/#primaryimage\"},\"image\":{\"@id\":\"https:\\\/\\\/abbabrasil.org.br\\\/en\\\/blog\\\/aconteceu-na-abba\\\/#primaryimage\"},\"thumbnailUrl\":\"https:\\\/\\\/abbabrasil.org.br\\\/wp-content\\\/uploads\\\/2025\\\/02\\\/uma-mulher-sorridente-segurando-um-bebe-nos-bracos-com-um-menino-ao-seu-lado.webp\",\"datePublished\":\"2025-02-25T11:00:00+00:00\",\"dateModified\":\"2025-02-27T17:26:13+00:00\",\"breadcrumb\":{\"@id\":\"https:\\\/\\\/abbabrasil.org.br\\\/en\\\/blog\\\/aconteceu-na-abba\\\/#breadcrumb\"},\"inLanguage\":\"en-US\",\"potentialAction\":[{\"@type\":\"ReadAction\",\"target\":[\"https:\\\/\\\/abbabrasil.org.br\\\/en\\\/blog\\\/aconteceu-na-abba\\\/\"]}]},{\"@type\":\"ImageObject\",\"inLanguage\":\"en-US\",\"@id\":\"https:\\\/\\\/abbabrasil.org.br\\\/en\\\/blog\\\/aconteceu-na-abba\\\/#primaryimage\",\"url\":\"https:\\\/\\\/abbabrasil.org.br\\\/wp-content\\\/uploads\\\/2025\\\/02\\\/uma-mulher-sorridente-segurando-um-bebe-nos-bracos-com-um-menino-ao-seu-lado.webp\",\"contentUrl\":\"https:\\\/\\\/abbabrasil.org.br\\\/wp-content\\\/uploads\\\/2025\\\/02\\\/uma-mulher-sorridente-segurando-um-bebe-nos-bracos-com-um-menino-ao-seu-lado.webp\",\"width\":1300,\"height\":731},{\"@type\":\"BreadcrumbList\",\"@id\":\"https:\\\/\\\/abbabrasil.org.br\\\/en\\\/blog\\\/aconteceu-na-abba\\\/#breadcrumb\",\"itemListElement\":[{\"@type\":\"ListItem\",\"position\":1,\"name\":\"In\u00edcio\",\"item\":\"https:\\\/\\\/abbabrasil.org.br\\\/\"},{\"@type\":\"ListItem\",\"position\":2,\"name\":\"Aconteceu na ABBA\"}]},{\"@type\":\"WebSite\",\"@id\":\"https:\\\/\\\/abbabrasil.org.br\\\/en\\\/#website\",\"url\":\"https:\\\/\\\/abbabrasil.org.br\\\/en\\\/\",\"name\":\"Abba Brasil\",\"description\":\"Servindo crian\u00e7as, adolescentes e jovens\",\"publisher\":{\"@id\":\"https:\\\/\\\/abbabrasil.org.br\\\/en\\\/#organization\"},\"alternateName\":\"Abba\",\"potentialAction\":[{\"@type\":\"SearchAction\",\"target\":{\"@type\":\"EntryPoint\",\"urlTemplate\":\"https:\\\/\\\/abbabrasil.org.br\\\/en\\\/?s={search_term_string}\"},\"query-input\":{\"@type\":\"PropertyValueSpecification\",\"valueRequired\":true,\"valueName\":\"search_term_string\"}}],\"inLanguage\":\"en-US\"},{\"@type\":\"Organization\",\"@id\":\"https:\\\/\\\/abbabrasil.org.br\\\/en\\\/#organization\",\"name\":\"Abba\",\"alternateName\":\"Abba\",\"url\":\"https:\\\/\\\/abbabrasil.org.br\\\/en\\\/\",\"logo\":{\"@type\":\"ImageObject\",\"inLanguage\":\"en-US\",\"@id\":\"https:\\\/\\\/abbabrasil.org.br\\\/en\\\/#\\\/schema\\\/logo\\\/image\\\/\",\"url\":\"https:\\\/\\\/abbabrasil.org.br\\\/wp-content\\\/uploads\\\/2023\\\/11\\\/cropped-favicon-abba.webp\",\"contentUrl\":\"https:\\\/\\\/abbabrasil.org.br\\\/wp-content\\\/uploads\\\/2023\\\/11\\\/cropped-favicon-abba.webp\",\"width\":512,\"height\":512,\"caption\":\"Abba\"},\"image\":{\"@id\":\"https:\\\/\\\/abbabrasil.org.br\\\/en\\\/#\\\/schema\\\/logo\\\/image\\\/\"},\"sameAs\":[\"https:\\\/\\\/www.facebook.com\\\/AssociacaoBrasileiraBeneficenteAslan\",\"https:\\\/\\\/www.instagram.com\\\/abba.brasil\\\/\"]},{\"@type\":\"Person\",\"@id\":\"https:\\\/\\\/abbabrasil.org.br\\\/en\\\/#\\\/schema\\\/person\\\/0a162664503f88cacae19dd4a332f5de\",\"name\":\"Mauric\u00e9lio Silva Ferreira\",\"image\":{\"@type\":\"ImageObject\",\"inLanguage\":\"en-US\",\"@id\":\"https:\\\/\\\/abbabrasil.org.br\\\/wp-content\\\/litespeed\\\/avatar\\\/12e3cd1720e0b0a1e69c0aacc25e2238.jpg?ver=1777686629\",\"url\":\"https:\\\/\\\/abbabrasil.org.br\\\/wp-content\\\/litespeed\\\/avatar\\\/12e3cd1720e0b0a1e69c0aacc25e2238.jpg?ver=1777686629\",\"contentUrl\":\"https:\\\/\\\/abbabrasil.org.br\\\/wp-content\\\/litespeed\\\/avatar\\\/12e3cd1720e0b0a1e69c0aacc25e2238.jpg?ver=1777686629\",\"caption\":\"Mauric\u00e9lio Silva Ferreira\"},\"url\":\"https:\\\/\\\/abbabrasil.org.br\\\/en\\\/author\\\/celio\\\/\"}]}<\/script>\n<!-- \/ Yoast SEO plugin. -->","yoast_head_json":{"title":"Aconteceu na ABBA | ABBA Brasil","robots":{"index":"index","follow":"follow","max-snippet":"max-snippet:-1","max-image-preview":"max-image-preview:large","max-video-preview":"max-video-preview:-1"},"canonical":"https:\/\/abbabrasil.org.br\/en\/blog\/aconteceu-na-abba\/","og_locale":"en_US","og_type":"article","og_title":"Aconteceu na ABBA | ABBA Brasil","og_description":"Nosso educador Thiago, da Casa Elohim, teve a oportunidade de passar o fim do ano e in\u00edcio de 2025 com [&hellip;]","og_url":"https:\/\/abbabrasil.org.br\/en\/blog\/aconteceu-na-abba\/","og_site_name":"ABBA Brasil","article_publisher":"https:\/\/www.facebook.com\/AssociacaoBrasileiraBeneficenteAslan","article_published_time":"2025-02-25T11:00:00+00:00","article_modified_time":"2025-02-27T17:26:13+00:00","og_image":[{"width":1300,"height":731,"url":"https:\/\/abbabrasil.org.br\/wp-content\/uploads\/2025\/02\/uma-mulher-sorridente-segurando-um-bebe-nos-bracos-com-um-menino-ao-seu-lado.webp","type":"image\/webp"}],"author":"Mauric\u00e9lio Silva Ferreira","twitter_card":"summary_large_image","twitter_misc":{"Written by":"Mauric\u00e9lio Silva Ferreira","Est. reading time":"3 minutes"},"schema":{"@context":"https:\/\/schema.org","@graph":[{"@type":"Article","@id":"https:\/\/abbabrasil.org.br\/en\/blog\/aconteceu-na-abba\/#article","isPartOf":{"@id":"https:\/\/abbabrasil.org.br\/en\/blog\/aconteceu-na-abba\/"},"author":{"name":"Mauric\u00e9lio Silva Ferreira","@id":"https:\/\/abbabrasil.org.br\/en\/#\/schema\/person\/0a162664503f88cacae19dd4a332f5de"},"headline":"Aconteceu na ABBA","datePublished":"2025-02-25T11:00:00+00:00","dateModified":"2025-02-27T17:26:13+00:00","mainEntityOfPage":{"@id":"https:\/\/abbabrasil.org.br\/en\/blog\/aconteceu-na-abba\/"},"wordCount":408,"commentCount":0,"publisher":{"@id":"https:\/\/abbabrasil.org.br\/en\/#organization"},"image":{"@id":"https:\/\/abbabrasil.org.br\/en\/blog\/aconteceu-na-abba\/#primaryimage"},"thumbnailUrl":"https:\/\/abbabrasil.org.br\/wp-content\/uploads\/2025\/02\/uma-mulher-sorridente-segurando-um-bebe-nos-bracos-com-um-menino-ao-seu-lado.webp","articleSection":["Aconteceu na ABBA"],"inLanguage":"en-US","potentialAction":[{"@type":"CommentAction","name":"Comment","target":["https:\/\/abbabrasil.org.br\/en\/blog\/aconteceu-na-abba\/#respond"]}]},{"@type":"WebPage","@id":"https:\/\/abbabrasil.org.br\/en\/blog\/aconteceu-na-abba\/","url":"https:\/\/abbabrasil.org.br\/en\/blog\/aconteceu-na-abba\/","name":"Aconteceu na ABBA | ABBA Brasil","isPartOf":{"@id":"https:\/\/abbabrasil.org.br\/en\/#website"},"primaryImageOfPage":{"@id":"https:\/\/abbabrasil.org.br\/en\/blog\/aconteceu-na-abba\/#primaryimage"},"image":{"@id":"https:\/\/abbabrasil.org.br\/en\/blog\/aconteceu-na-abba\/#primaryimage"},"thumbnailUrl":"https:\/\/abbabrasil.org.br\/wp-content\/uploads\/2025\/02\/uma-mulher-sorridente-segurando-um-bebe-nos-bracos-com-um-menino-ao-seu-lado.webp","datePublished":"2025-02-25T11:00:00+00:00","dateModified":"2025-02-27T17:26:13+00:00","breadcrumb":{"@id":"https:\/\/abbabrasil.org.br\/en\/blog\/aconteceu-na-abba\/#breadcrumb"},"inLanguage":"en-US","potentialAction":[{"@type":"ReadAction","target":["https:\/\/abbabrasil.org.br\/en\/blog\/aconteceu-na-abba\/"]}]},{"@type":"ImageObject","inLanguage":"en-US","@id":"https:\/\/abbabrasil.org.br\/en\/blog\/aconteceu-na-abba\/#primaryimage","url":"https:\/\/abbabrasil.org.br\/wp-content\/uploads\/2025\/02\/uma-mulher-sorridente-segurando-um-bebe-nos-bracos-com-um-menino-ao-seu-lado.webp","contentUrl":"https:\/\/abbabrasil.org.br\/wp-content\/uploads\/2025\/02\/uma-mulher-sorridente-segurando-um-bebe-nos-bracos-com-um-menino-ao-seu-lado.webp","width":1300,"height":731},{"@type":"BreadcrumbList","@id":"https:\/\/abbabrasil.org.br\/en\/blog\/aconteceu-na-abba\/#breadcrumb","itemListElement":[{"@type":"ListItem","position":1,"name":"In\u00edcio","item":"https:\/\/abbabrasil.org.br\/"},{"@type":"ListItem","position":2,"name":"Aconteceu na ABBA"}]},{"@type":"WebSite","@id":"https:\/\/abbabrasil.org.br\/en\/#website","url":"https:\/\/abbabrasil.org.br\/en\/","name":"Abba Brasil","description":"Servindo crian\u00e7as, adolescentes e jovens","publisher":{"@id":"https:\/\/abbabrasil.org.br\/en\/#organization"},"alternateName":"Abba","potentialAction":[{"@type":"SearchAction","target":{"@type":"EntryPoint","urlTemplate":"https:\/\/abbabrasil.org.br\/en\/?s={search_term_string}"},"query-input":{"@type":"PropertyValueSpecification","valueRequired":true,"valueName":"search_term_string"}}],"inLanguage":"en-US"},{"@type":"Organization","@id":"https:\/\/abbabrasil.org.br\/en\/#organization","name":"Abba","alternateName":"Abba","url":"https:\/\/abbabrasil.org.br\/en\/","logo":{"@type":"ImageObject","inLanguage":"en-US","@id":"https:\/\/abbabrasil.org.br\/en\/#\/schema\/logo\/image\/","url":"https:\/\/abbabrasil.org.br\/wp-content\/uploads\/2023\/11\/cropped-favicon-abba.webp","contentUrl":"https:\/\/abbabrasil.org.br\/wp-content\/uploads\/2023\/11\/cropped-favicon-abba.webp","width":512,"height":512,"caption":"Abba"},"image":{"@id":"https:\/\/abbabrasil.org.br\/en\/#\/schema\/logo\/image\/"},"sameAs":["https:\/\/www.facebook.com\/AssociacaoBrasileiraBeneficenteAslan","https:\/\/www.instagram.com\/abba.brasil\/"]},{"@type":"Person","@id":"https:\/\/abbabrasil.org.br\/en\/#\/schema\/person\/0a162664503f88cacae19dd4a332f5de","name":"Mauric\u00e9lio Silva Ferreira","image":{"@type":"ImageObject","inLanguage":"en-US","@id":"https:\/\/abbabrasil.org.br\/wp-content\/litespeed\/avatar\/12e3cd1720e0b0a1e69c0aacc25e2238.jpg?ver=1777686629","url":"https:\/\/abbabrasil.org.br\/wp-content\/litespeed\/avatar\/12e3cd1720e0b0a1e69c0aacc25e2238.jpg?ver=1777686629","contentUrl":"https:\/\/abbabrasil.org.br\/wp-content\/litespeed\/avatar\/12e3cd1720e0b0a1e69c0aacc25e2238.jpg?ver=1777686629","caption":"Mauric\u00e9lio Silva Ferreira"},"url":"https:\/\/abbabrasil.org.br\/en\/author\/celio\/"}]}},"_links":{"self":[{"href":"https:\/\/abbabrasil.org.br\/en\/wp-json\/wp\/v2\/posts\/3705","targetHints":{"allow":["GET"]}}],"collection":[{"href":"https:\/\/abbabrasil.org.br\/en\/wp-json\/wp\/v2\/posts"}],"about":[{"href":"https:\/\/abbabrasil.org.br\/en\/wp-json\/wp\/v2\/types\/post"}],"author":[{"embeddable":true,"href":"https:\/\/abbabrasil.org.br\/en\/wp-json\/wp\/v2\/users\/363"}],"replies":[{"embeddable":true,"href":"https:\/\/abbabrasil.org.br\/en\/wp-json\/wp\/v2\/comments?post=3705"}],"version-history":[{"count":0,"href":"https:\/\/abbabrasil.org.br\/en\/wp-json\/wp\/v2\/posts\/3705\/revisions"}],"wp:featuredmedia":[{"embeddable":true,"href":"https:\/\/abbabrasil.org.br\/en\/wp-json\/wp\/v2\/media\/3773"}],"wp:attachment":[{"href":"https:\/\/abbabrasil.org.br\/en\/wp-json\/wp\/v2\/media?parent=3705"}],"wp:term":[{"taxonomy":"category","embeddable":true,"href":"https:\/\/abbabrasil.org.br\/en\/wp-json\/wp\/v2\/categories?post=3705"},{"taxonomy":"post_tag","embeddable":true,"href":"https:\/\/abbabrasil.org.br\/en\/wp-json\/wp\/v2\/tags?post=3705"}],"curies":[{"name":"wp","href":"https:\/\/api.w.org\/{rel}","templated":true}]}}