{"id":324,"date":"2021-04-20T17:16:27","date_gmt":"2021-04-20T20:16:27","guid":{"rendered":"https:\/\/abbabrasil.org.br\/\/?p=76"},"modified":"2025-02-04T17:24:59","modified_gmt":"2025-02-04T20:24:59","slug":"criancas-em-guerra","status":"publish","type":"post","link":"https:\/\/abbabrasil.org.br\/en\/blog\/criancas-em-guerra\/","title":{"rendered":"Children at War"},"content":{"rendered":"<p>In this issue of ABBA-PAI, we talk about how the life experience of the majority of Brazilian children living in favelas is comparable to the environment of war. The comparison is not forced. Brazilian children exposed to both domestic violence and armed violence in the communities in which they live have developed traumas similar to the traumas of war veterans. It is a trauma generated by experiences that threaten their very existence. Unfortunately, in the face of this, the only thing left for these children to do is fight, or wage war. If you want to better understand this cycle of violence and how to combat it, we invite you to read this new edition of ABBA-PAI, which can be downloaded\u00a0<a href=\"https:\/\/drive.google.com\/file\/d\/1RFgz2_UnuEzpWsbk__vH2gImQL2syQYR\/view?usp=sharing\">here<\/a>.<\/p>","protected":false},"excerpt":{"rendered":"<p>Nesta edi\u00e7\u00e3o da ABBA-PAI, falamos sobre como a experi\u00eancia de vida da maioria das crian\u00e7as brasileiras vivendo em favelas \u00e9 [&hellip;]<\/p>\n","protected":false},"author":363,"featured_media":1990,"comment_status":"open","ping_status":"open","sticky":false,"template":"","format":"standard","meta":{"_acf_changed":false,"footnotes":""},"categories":[36],"tags":[],"class_list":["post-324","post","type-post","status-publish","format-standard","has-post-thumbnail","hentry","category-abba-pai"],"acf":[],"yoast_head":"<!-- This site is optimized with the Yoast SEO plugin v27.4 - https:\/\/yoast.com\/product\/yoast-seo-wordpress\/ -->\n<title>Crian\u00e7as em Guerra | ABBA Brasil<\/title>\n<meta name=\"description\" content=\"Entenda o impacto dos conflitos armados nas crian\u00e7as e como a ABBA Brasil atua para proteg\u00ea-las.\" \/>\n<meta name=\"robots\" content=\"index, follow, max-snippet:-1, max-image-preview:large, max-video-preview:-1\" \/>\n<link rel=\"canonical\" href=\"https:\/\/abbabrasil.org.br\/en\/blog\/criancas-em-guerra\/\" \/>\n<meta property=\"og:locale\" content=\"en_US\" \/>\n<meta property=\"og:type\" content=\"article\" \/>\n<meta property=\"og:title\" content=\"Crian\u00e7as em Guerra | ABBA Brasil\" \/>\n<meta property=\"og:description\" content=\"Entenda o impacto dos conflitos armados nas crian\u00e7as e como a ABBA Brasil atua para proteg\u00ea-las.\" \/>\n<meta property=\"og:url\" content=\"https:\/\/abbabrasil.org.br\/en\/blog\/criancas-em-guerra\/\" \/>\n<meta property=\"og:site_name\" content=\"ABBA Brasil\" \/>\n<meta property=\"article:publisher\" content=\"https:\/\/www.facebook.com\/AssociacaoBrasileiraBeneficenteAslan\" \/>\n<meta property=\"article:published_time\" content=\"2021-04-20T20:16:27+00:00\" \/>\n<meta property=\"article:modified_time\" content=\"2025-02-04T20:24:59+00:00\" \/>\n<meta property=\"og:image\" content=\"https:\/\/abbabrasil.org.br\/wp-content\/uploads\/2023\/12\/criancas-em-guerra.webp\" \/>\n\t<meta property=\"og:image:width\" content=\"1024\" \/>\n\t<meta property=\"og:image:height\" content=\"1024\" \/>\n\t<meta property=\"og:image:type\" content=\"image\/webp\" \/>\n<meta name=\"author\" content=\"Mauric\u00e9lio Silva Ferreira\" \/>\n<meta name=\"twitter:card\" content=\"summary_large_image\" \/>\n<meta name=\"twitter:label1\" content=\"Written by\" \/>\n\t<meta name=\"twitter:data1\" content=\"Mauric\u00e9lio Silva Ferreira\" \/>\n\t<meta name=\"twitter:label2\" content=\"Est. reading time\" \/>\n\t<meta name=\"twitter:data2\" content=\"1 minute\" \/>\n<script type=\"application\/ld+json\" class=\"yoast-schema-graph\">{\"@context\":\"https:\\\/\\\/schema.org\",\"@graph\":[{\"@type\":\"Article\",\"@id\":\"https:\\\/\\\/abbabrasil.org.br\\\/en\\\/blog\\\/criancas-em-guerra\\\/#article\",\"isPartOf\":{\"@id\":\"https:\\\/\\\/abbabrasil.org.br\\\/en\\\/blog\\\/criancas-em-guerra\\\/\"},\"author\":{\"name\":\"Mauric\u00e9lio Silva Ferreira\",\"@id\":\"https:\\\/\\\/abbabrasil.org.br\\\/en\\\/#\\\/schema\\\/person\\\/0a162664503f88cacae19dd4a332f5de\"},\"headline\":\"Crian\u00e7as em Guerra\",\"datePublished\":\"2021-04-20T20:16:27+00:00\",\"dateModified\":\"2025-02-04T20:24:59+00:00\",\"mainEntityOfPage\":{\"@id\":\"https:\\\/\\\/abbabrasil.org.br\\\/en\\\/blog\\\/criancas-em-guerra\\\/\"},\"wordCount\":127,\"commentCount\":0,\"publisher\":{\"@id\":\"https:\\\/\\\/abbabrasil.org.br\\\/en\\\/#organization\"},\"image\":{\"@id\":\"https:\\\/\\\/abbabrasil.org.br\\\/en\\\/blog\\\/criancas-em-guerra\\\/#primaryimage\"},\"thumbnailUrl\":\"https:\\\/\\\/abbabrasil.org.br\\\/wp-content\\\/uploads\\\/2023\\\/12\\\/criancas-em-guerra.webp\",\"articleSection\":[\"ABBA-PAI\"],\"inLanguage\":\"en-US\",\"potentialAction\":[{\"@type\":\"CommentAction\",\"name\":\"Comment\",\"target\":[\"https:\\\/\\\/abbabrasil.org.br\\\/en\\\/blog\\\/criancas-em-guerra\\\/#respond\"]}]},{\"@type\":\"WebPage\",\"@id\":\"https:\\\/\\\/abbabrasil.org.br\\\/en\\\/blog\\\/criancas-em-guerra\\\/\",\"url\":\"https:\\\/\\\/abbabrasil.org.br\\\/en\\\/blog\\\/criancas-em-guerra\\\/\",\"name\":\"Crian\u00e7as em Guerra | ABBA Brasil\",\"isPartOf\":{\"@id\":\"https:\\\/\\\/abbabrasil.org.br\\\/en\\\/#website\"},\"primaryImageOfPage\":{\"@id\":\"https:\\\/\\\/abbabrasil.org.br\\\/en\\\/blog\\\/criancas-em-guerra\\\/#primaryimage\"},\"image\":{\"@id\":\"https:\\\/\\\/abbabrasil.org.br\\\/en\\\/blog\\\/criancas-em-guerra\\\/#primaryimage\"},\"thumbnailUrl\":\"https:\\\/\\\/abbabrasil.org.br\\\/wp-content\\\/uploads\\\/2023\\\/12\\\/criancas-em-guerra.webp\",\"datePublished\":\"2021-04-20T20:16:27+00:00\",\"dateModified\":\"2025-02-04T20:24:59+00:00\",\"description\":\"Entenda o impacto dos conflitos armados nas crian\u00e7as e como a ABBA Brasil atua para proteg\u00ea-las.\",\"breadcrumb\":{\"@id\":\"https:\\\/\\\/abbabrasil.org.br\\\/en\\\/blog\\\/criancas-em-guerra\\\/#breadcrumb\"},\"inLanguage\":\"en-US\",\"potentialAction\":[{\"@type\":\"ReadAction\",\"target\":[\"https:\\\/\\\/abbabrasil.org.br\\\/en\\\/blog\\\/criancas-em-guerra\\\/\"]}]},{\"@type\":\"ImageObject\",\"inLanguage\":\"en-US\",\"@id\":\"https:\\\/\\\/abbabrasil.org.br\\\/en\\\/blog\\\/criancas-em-guerra\\\/#primaryimage\",\"url\":\"https:\\\/\\\/abbabrasil.org.br\\\/wp-content\\\/uploads\\\/2023\\\/12\\\/criancas-em-guerra.webp\",\"contentUrl\":\"https:\\\/\\\/abbabrasil.org.br\\\/wp-content\\\/uploads\\\/2023\\\/12\\\/criancas-em-guerra.webp\",\"width\":1024,\"height\":1024},{\"@type\":\"BreadcrumbList\",\"@id\":\"https:\\\/\\\/abbabrasil.org.br\\\/en\\\/blog\\\/criancas-em-guerra\\\/#breadcrumb\",\"itemListElement\":[{\"@type\":\"ListItem\",\"position\":1,\"name\":\"In\u00edcio\",\"item\":\"https:\\\/\\\/abbabrasil.org.br\\\/\"},{\"@type\":\"ListItem\",\"position\":2,\"name\":\"Crian\u00e7as em Guerra\"}]},{\"@type\":\"WebSite\",\"@id\":\"https:\\\/\\\/abbabrasil.org.br\\\/en\\\/#website\",\"url\":\"https:\\\/\\\/abbabrasil.org.br\\\/en\\\/\",\"name\":\"Abba Brasil\",\"description\":\"Servindo crian\u00e7as, adolescentes e jovens\",\"publisher\":{\"@id\":\"https:\\\/\\\/abbabrasil.org.br\\\/en\\\/#organization\"},\"alternateName\":\"Abba\",\"potentialAction\":[{\"@type\":\"SearchAction\",\"target\":{\"@type\":\"EntryPoint\",\"urlTemplate\":\"https:\\\/\\\/abbabrasil.org.br\\\/en\\\/?s={search_term_string}\"},\"query-input\":{\"@type\":\"PropertyValueSpecification\",\"valueRequired\":true,\"valueName\":\"search_term_string\"}}],\"inLanguage\":\"en-US\"},{\"@type\":\"Organization\",\"@id\":\"https:\\\/\\\/abbabrasil.org.br\\\/en\\\/#organization\",\"name\":\"Abba\",\"alternateName\":\"Abba\",\"url\":\"https:\\\/\\\/abbabrasil.org.br\\\/en\\\/\",\"logo\":{\"@type\":\"ImageObject\",\"inLanguage\":\"en-US\",\"@id\":\"https:\\\/\\\/abbabrasil.org.br\\\/en\\\/#\\\/schema\\\/logo\\\/image\\\/\",\"url\":\"https:\\\/\\\/abbabrasil.org.br\\\/wp-content\\\/uploads\\\/2023\\\/11\\\/cropped-favicon-abba.webp\",\"contentUrl\":\"https:\\\/\\\/abbabrasil.org.br\\\/wp-content\\\/uploads\\\/2023\\\/11\\\/cropped-favicon-abba.webp\",\"width\":512,\"height\":512,\"caption\":\"Abba\"},\"image\":{\"@id\":\"https:\\\/\\\/abbabrasil.org.br\\\/en\\\/#\\\/schema\\\/logo\\\/image\\\/\"},\"sameAs\":[\"https:\\\/\\\/www.facebook.com\\\/AssociacaoBrasileiraBeneficenteAslan\",\"https:\\\/\\\/www.instagram.com\\\/abba.brasil\\\/\"]},{\"@type\":\"Person\",\"@id\":\"https:\\\/\\\/abbabrasil.org.br\\\/en\\\/#\\\/schema\\\/person\\\/0a162664503f88cacae19dd4a332f5de\",\"name\":\"Mauric\u00e9lio Silva Ferreira\",\"image\":{\"@type\":\"ImageObject\",\"inLanguage\":\"en-US\",\"@id\":\"https:\\\/\\\/abbabrasil.org.br\\\/wp-content\\\/litespeed\\\/avatar\\\/12e3cd1720e0b0a1e69c0aacc25e2238.jpg?ver=1777081553\",\"url\":\"https:\\\/\\\/abbabrasil.org.br\\\/wp-content\\\/litespeed\\\/avatar\\\/12e3cd1720e0b0a1e69c0aacc25e2238.jpg?ver=1777081553\",\"contentUrl\":\"https:\\\/\\\/abbabrasil.org.br\\\/wp-content\\\/litespeed\\\/avatar\\\/12e3cd1720e0b0a1e69c0aacc25e2238.jpg?ver=1777081553\",\"caption\":\"Mauric\u00e9lio Silva Ferreira\"},\"url\":\"https:\\\/\\\/abbabrasil.org.br\\\/en\\\/author\\\/celio\\\/\"}]}<\/script>\n<!-- \/ Yoast SEO plugin. -->","yoast_head_json":{"title":"Crian\u00e7as em Guerra | ABBA Brasil","description":"Entenda o impacto dos conflitos armados nas crian\u00e7as e como a ABBA Brasil atua para proteg\u00ea-las.","robots":{"index":"index","follow":"follow","max-snippet":"max-snippet:-1","max-image-preview":"max-image-preview:large","max-video-preview":"max-video-preview:-1"},"canonical":"https:\/\/abbabrasil.org.br\/en\/blog\/criancas-em-guerra\/","og_locale":"en_US","og_type":"article","og_title":"Crian\u00e7as em Guerra | ABBA Brasil","og_description":"Entenda o impacto dos conflitos armados nas crian\u00e7as e como a ABBA Brasil atua para proteg\u00ea-las.","og_url":"https:\/\/abbabrasil.org.br\/en\/blog\/criancas-em-guerra\/","og_site_name":"ABBA Brasil","article_publisher":"https:\/\/www.facebook.com\/AssociacaoBrasileiraBeneficenteAslan","article_published_time":"2021-04-20T20:16:27+00:00","article_modified_time":"2025-02-04T20:24:59+00:00","og_image":[{"width":1024,"height":1024,"url":"https:\/\/abbabrasil.org.br\/wp-content\/uploads\/2023\/12\/criancas-em-guerra.webp","type":"image\/webp"}],"author":"Mauric\u00e9lio Silva Ferreira","twitter_card":"summary_large_image","twitter_misc":{"Written by":"Mauric\u00e9lio Silva Ferreira","Est. reading time":"1 minute"},"schema":{"@context":"https:\/\/schema.org","@graph":[{"@type":"Article","@id":"https:\/\/abbabrasil.org.br\/en\/blog\/criancas-em-guerra\/#article","isPartOf":{"@id":"https:\/\/abbabrasil.org.br\/en\/blog\/criancas-em-guerra\/"},"author":{"name":"Mauric\u00e9lio Silva Ferreira","@id":"https:\/\/abbabrasil.org.br\/en\/#\/schema\/person\/0a162664503f88cacae19dd4a332f5de"},"headline":"Crian\u00e7as em Guerra","datePublished":"2021-04-20T20:16:27+00:00","dateModified":"2025-02-04T20:24:59+00:00","mainEntityOfPage":{"@id":"https:\/\/abbabrasil.org.br\/en\/blog\/criancas-em-guerra\/"},"wordCount":127,"commentCount":0,"publisher":{"@id":"https:\/\/abbabrasil.org.br\/en\/#organization"},"image":{"@id":"https:\/\/abbabrasil.org.br\/en\/blog\/criancas-em-guerra\/#primaryimage"},"thumbnailUrl":"https:\/\/abbabrasil.org.br\/wp-content\/uploads\/2023\/12\/criancas-em-guerra.webp","articleSection":["ABBA-PAI"],"inLanguage":"en-US","potentialAction":[{"@type":"CommentAction","name":"Comment","target":["https:\/\/abbabrasil.org.br\/en\/blog\/criancas-em-guerra\/#respond"]}]},{"@type":"WebPage","@id":"https:\/\/abbabrasil.org.br\/en\/blog\/criancas-em-guerra\/","url":"https:\/\/abbabrasil.org.br\/en\/blog\/criancas-em-guerra\/","name":"Crian\u00e7as em Guerra | ABBA Brasil","isPartOf":{"@id":"https:\/\/abbabrasil.org.br\/en\/#website"},"primaryImageOfPage":{"@id":"https:\/\/abbabrasil.org.br\/en\/blog\/criancas-em-guerra\/#primaryimage"},"image":{"@id":"https:\/\/abbabrasil.org.br\/en\/blog\/criancas-em-guerra\/#primaryimage"},"thumbnailUrl":"https:\/\/abbabrasil.org.br\/wp-content\/uploads\/2023\/12\/criancas-em-guerra.webp","datePublished":"2021-04-20T20:16:27+00:00","dateModified":"2025-02-04T20:24:59+00:00","description":"Entenda o impacto dos conflitos armados nas crian\u00e7as e como a ABBA Brasil atua para proteg\u00ea-las.","breadcrumb":{"@id":"https:\/\/abbabrasil.org.br\/en\/blog\/criancas-em-guerra\/#breadcrumb"},"inLanguage":"en-US","potentialAction":[{"@type":"ReadAction","target":["https:\/\/abbabrasil.org.br\/en\/blog\/criancas-em-guerra\/"]}]},{"@type":"ImageObject","inLanguage":"en-US","@id":"https:\/\/abbabrasil.org.br\/en\/blog\/criancas-em-guerra\/#primaryimage","url":"https:\/\/abbabrasil.org.br\/wp-content\/uploads\/2023\/12\/criancas-em-guerra.webp","contentUrl":"https:\/\/abbabrasil.org.br\/wp-content\/uploads\/2023\/12\/criancas-em-guerra.webp","width":1024,"height":1024},{"@type":"BreadcrumbList","@id":"https:\/\/abbabrasil.org.br\/en\/blog\/criancas-em-guerra\/#breadcrumb","itemListElement":[{"@type":"ListItem","position":1,"name":"In\u00edcio","item":"https:\/\/abbabrasil.org.br\/"},{"@type":"ListItem","position":2,"name":"Crian\u00e7as em Guerra"}]},{"@type":"WebSite","@id":"https:\/\/abbabrasil.org.br\/en\/#website","url":"https:\/\/abbabrasil.org.br\/en\/","name":"Abba Brasil","description":"Servindo crian\u00e7as, adolescentes e jovens","publisher":{"@id":"https:\/\/abbabrasil.org.br\/en\/#organization"},"alternateName":"Abba","potentialAction":[{"@type":"SearchAction","target":{"@type":"EntryPoint","urlTemplate":"https:\/\/abbabrasil.org.br\/en\/?s={search_term_string}"},"query-input":{"@type":"PropertyValueSpecification","valueRequired":true,"valueName":"search_term_string"}}],"inLanguage":"en-US"},{"@type":"Organization","@id":"https:\/\/abbabrasil.org.br\/en\/#organization","name":"Abba","alternateName":"Abba","url":"https:\/\/abbabrasil.org.br\/en\/","logo":{"@type":"ImageObject","inLanguage":"en-US","@id":"https:\/\/abbabrasil.org.br\/en\/#\/schema\/logo\/image\/","url":"https:\/\/abbabrasil.org.br\/wp-content\/uploads\/2023\/11\/cropped-favicon-abba.webp","contentUrl":"https:\/\/abbabrasil.org.br\/wp-content\/uploads\/2023\/11\/cropped-favicon-abba.webp","width":512,"height":512,"caption":"Abba"},"image":{"@id":"https:\/\/abbabrasil.org.br\/en\/#\/schema\/logo\/image\/"},"sameAs":["https:\/\/www.facebook.com\/AssociacaoBrasileiraBeneficenteAslan","https:\/\/www.instagram.com\/abba.brasil\/"]},{"@type":"Person","@id":"https:\/\/abbabrasil.org.br\/en\/#\/schema\/person\/0a162664503f88cacae19dd4a332f5de","name":"Mauric\u00e9lio Silva Ferreira","image":{"@type":"ImageObject","inLanguage":"en-US","@id":"https:\/\/abbabrasil.org.br\/wp-content\/litespeed\/avatar\/12e3cd1720e0b0a1e69c0aacc25e2238.jpg?ver=1777081553","url":"https:\/\/abbabrasil.org.br\/wp-content\/litespeed\/avatar\/12e3cd1720e0b0a1e69c0aacc25e2238.jpg?ver=1777081553","contentUrl":"https:\/\/abbabrasil.org.br\/wp-content\/litespeed\/avatar\/12e3cd1720e0b0a1e69c0aacc25e2238.jpg?ver=1777081553","caption":"Mauric\u00e9lio Silva Ferreira"},"url":"https:\/\/abbabrasil.org.br\/en\/author\/celio\/"}]}},"_links":{"self":[{"href":"https:\/\/abbabrasil.org.br\/en\/wp-json\/wp\/v2\/posts\/324","targetHints":{"allow":["GET"]}}],"collection":[{"href":"https:\/\/abbabrasil.org.br\/en\/wp-json\/wp\/v2\/posts"}],"about":[{"href":"https:\/\/abbabrasil.org.br\/en\/wp-json\/wp\/v2\/types\/post"}],"author":[{"embeddable":true,"href":"https:\/\/abbabrasil.org.br\/en\/wp-json\/wp\/v2\/users\/363"}],"replies":[{"embeddable":true,"href":"https:\/\/abbabrasil.org.br\/en\/wp-json\/wp\/v2\/comments?post=324"}],"version-history":[{"count":0,"href":"https:\/\/abbabrasil.org.br\/en\/wp-json\/wp\/v2\/posts\/324\/revisions"}],"wp:featuredmedia":[{"embeddable":true,"href":"https:\/\/abbabrasil.org.br\/en\/wp-json\/wp\/v2\/media\/1990"}],"wp:attachment":[{"href":"https:\/\/abbabrasil.org.br\/en\/wp-json\/wp\/v2\/media?parent=324"}],"wp:term":[{"taxonomy":"category","embeddable":true,"href":"https:\/\/abbabrasil.org.br\/en\/wp-json\/wp\/v2\/categories?post=324"},{"taxonomy":"post_tag","embeddable":true,"href":"https:\/\/abbabrasil.org.br\/en\/wp-json\/wp\/v2\/tags?post=324"}],"curies":[{"name":"wp","href":"https:\/\/api.w.org\/{rel}","templated":true}]}}